{"id":3548,"date":"2025-05-27T14:26:44","date_gmt":"2025-05-27T14:26:44","guid":{"rendered":"https:\/\/www.stasiowka.pl\/?p=3548"},"modified":"2025-05-27T14:26:44","modified_gmt":"2025-05-27T14:26:44","slug":"diecezjalne-swieto-rodziny-2","status":"publish","type":"post","link":"https:\/\/www.stasiowka.pl\/?p=3548","title":{"rendered":"Diecezjalne \u015awi\u0119to Rodziny"},"content":{"rendered":"<p style=\"text-align: justify;\"><span data-olk-copy-source=\"MessageBody\">Serdecznie zapraszamy do uczestnictwa w centralnych uroczysto\u015bciach Diecezjalnego \u015awi\u0119ta Rodziny w Starym S\u0105czu, kt\u00f3re w tym roku b\u0119dziemy prze\u017cywa\u0107 <\/span>15 czerwca (niedziela). O godz. 11.00 na O\u0142tarzu Papieskim rozpocznie si\u0119 Msza \u015awi\u0119ta pod przewodnictwem Biskupa Tarnowskiego Andrzeja Je\u017ca.&nbsp; Eucharystia transmitowana b\u0119dzie przez nasze diecezjalne radio RDN Ma\u0142opolska i RDN Nowy S\u0105cz.<\/p>\n<p><img fetchpriority=\"high\" decoding=\"async\" class=\"aligncenter wp-image-3549 size-large\" src=\"https:\/\/www.stasiowka.pl\/wp-content\/uploads\/2025\/05\/Diecezjalne-Swieto-Rodziny-2025-724x1024.png\" alt=\"\" width=\"724\" height=\"1024\" srcset=\"https:\/\/www.stasiowka.pl\/wp-content\/uploads\/2025\/05\/Diecezjalne-Swieto-Rodziny-2025-724x1024.png 724w, https:\/\/www.stasiowka.pl\/wp-content\/uploads\/2025\/05\/Diecezjalne-Swieto-Rodziny-2025-212x300.png 212w, https:\/\/www.stasiowka.pl\/wp-content\/uploads\/2025\/05\/Diecezjalne-Swieto-Rodziny-2025-768x1086.png 768w, https:\/\/www.stasiowka.pl\/wp-content\/uploads\/2025\/05\/Diecezjalne-Swieto-Rodziny-2025-1086x1536.png 1086w, https:\/\/www.stasiowka.pl\/wp-content\/uploads\/2025\/05\/Diecezjalne-Swieto-Rodziny-2025-847x1198.png 847w, https:\/\/www.stasiowka.pl\/wp-content\/uploads\/2025\/05\/Diecezjalne-Swieto-Rodziny-2025.png 1414w\" sizes=\"(max-width: 724px) 100vw, 724px\" \/><\/p>\n","protected":false},"excerpt":{"rendered":"<p>Serdecznie zapraszamy do uczestnictwa w centralnych uroczysto\u015bciach Diecezjalnego \u015awi\u0119ta Rodziny w Starym S\u0105czu, kt\u00f3re w tym roku b\u0119dziemy prze\u017cywa\u0107 15 czerwca (niedziela). O godz. 11.00 na O\u0142tarzu Papieskim rozpocznie si\u0119 Msza \u015awi\u0119ta pod przewodnictwem Biskupa Tarnowskiego Andrzeja Je\u017ca.&nbsp; Eucharystia transmitowana b\u0119dzie przez nasze diecezjalne radio RDN Ma\u0142opolska i RDN Nowy S\u0105cz.<\/p>\n","protected":false},"author":1,"featured_media":3550,"comment_status":"open","ping_status":"open","sticky":false,"template":"","format":"standard","meta":{"ngg_post_thumbnail":0,"footnotes":""},"categories":[1],"tags":[],"class_list":["post-3548","post","type-post","status-publish","format-standard","has-post-thumbnail","hentry","category-uncategorized","item-wrap"],"_links":{"self":[{"href":"https:\/\/www.stasiowka.pl\/index.php?rest_route=\/wp\/v2\/posts\/3548","targetHints":{"allow":["GET"]}}],"collection":[{"href":"https:\/\/www.stasiowka.pl\/index.php?rest_route=\/wp\/v2\/posts"}],"about":[{"href":"https:\/\/www.stasiowka.pl\/index.php?rest_route=\/wp\/v2\/types\/post"}],"author":[{"embeddable":true,"href":"https:\/\/www.stasiowka.pl\/index.php?rest_route=\/wp\/v2\/users\/1"}],"replies":[{"embeddable":true,"href":"https:\/\/www.stasiowka.pl\/index.php?rest_route=%2Fwp%2Fv2%2Fcomments&post=3548"}],"version-history":[{"count":1,"href":"https:\/\/www.stasiowka.pl\/index.php?rest_route=\/wp\/v2\/posts\/3548\/revisions"}],"predecessor-version":[{"id":3551,"href":"https:\/\/www.stasiowka.pl\/index.php?rest_route=\/wp\/v2\/posts\/3548\/revisions\/3551"}],"wp:featuredmedia":[{"embeddable":true,"href":"https:\/\/www.stasiowka.pl\/index.php?rest_route=\/wp\/v2\/media\/3550"}],"wp:attachment":[{"href":"https:\/\/www.stasiowka.pl\/index.php?rest_route=%2Fwp%2Fv2%2Fmedia&parent=3548"}],"wp:term":[{"taxonomy":"category","embeddable":true,"href":"https:\/\/www.stasiowka.pl\/index.php?rest_route=%2Fwp%2Fv2%2Fcategories&post=3548"},{"taxonomy":"post_tag","embeddable":true,"href":"https:\/\/www.stasiowka.pl\/index.php?rest_route=%2Fwp%2Fv2%2Ftags&post=3548"}],"curies":[{"name":"wp","href":"https:\/\/api.w.org\/{rel}","templated":true}]}}