{"id":3533,"date":"2025-05-26T15:07:46","date_gmt":"2025-05-26T15:07:46","guid":{"rendered":"https:\/\/www.stasiowka.pl\/?p=3533"},"modified":"2025-05-26T15:16:05","modified_gmt":"2025-05-26T15:16:05","slug":"pielgrzymka-dsm-do-szczepanowa","status":"publish","type":"post","link":"https:\/\/www.stasiowka.pl\/?p=3533","title":{"rendered":"Pielgrzymka DSM do Szczepanowa"},"content":{"rendered":"\t\t<div data-elementor-type=\"wp-post\" data-elementor-id=\"3533\" class=\"elementor elementor-3533\">\n\t\t\t\t<div class=\"elementor-element elementor-element-3a78acc4 e-flex e-con-boxed e-con e-parent\" data-id=\"3a78acc4\" data-element_type=\"container\" data-e-type=\"container\">\n\t\t\t\t\t<div class=\"e-con-inner\">\n\t\t\t\t<div class=\"elementor-element elementor-element-7dceb283 elementor-widget elementor-widget-text-editor\" data-id=\"7dceb283\" data-element_type=\"widget\" data-e-type=\"widget\" data-widget_type=\"text-editor.default\">\n\t\t\t\t<div class=\"elementor-widget-container\">\n\t\t\t\t\t\t\t\t\t<p style=\"text-align: justify;\" data-wtg-lazy=\"13\"><strong><span style=\"color: #000000;\">Szczepan\u00f3w \u2013 miejsce urodzin \u015bw. Stanis\u0142awa Biskupa i M\u0119czennika \u2013 go\u015bci\u0142 uczestniczki diecezjalnej pielgrzymki Dziewcz\u0119cej S\u0142u\u017cby Maryjnej.\u00a0<span style=\"font-family: Lato, sans-serif;\">R\u00f3wnie\u017c z naszej parafii\u00a0 wyruszy\u0142a grupa, kt\u00f3rej opiekunem by\u0142 p. mgr \u0141ukasz Kubek.<\/span><\/span><\/strong><\/p><p style=\"text-align: justify;\" data-wtg-lazy=\"11\"><span style=\"color: #000000; font-family: var( --e-global-typography-text-font-family ), Sans-serif; font-weight: var( --e-global-typography-text-font-weight );\">Przed po\u0142udniem odby\u0142a si\u0119 prezentacja grup, kt\u00f3re odpowiedzia\u0142y na apel organizator\u00f3w i przygotowa\u0142y prezentacj\u0119 wybranego przez siebie wezwania z Litanii Loreta\u0144skiej. Dziewcz\u0119ta wyrazi\u0142y je plastycznie za pomoc\u0105 namalowanych obraz\u00f3w, przyniesionych przez siebie rekwizyt\u00f3w albo wykonanych gest\u00f3w. Niekt\u00f3re z grup wyst\u0105pi\u0142y w specjalnych strojach, pomagaj\u0105cych zgadn\u0105\u0107 ogl\u0105daj\u0105cym, jak\u0105 tajemnic\u0119 wybra\u0142y.<\/span><\/p><div><div><div><p style=\"text-align: justify;\"><span style=\"color: #000000;\">Najwa\u017cniejszym wydarzeniem pielgrzymki by\u0142a Msza \u015bw., kt\u00f3rej przewodniczy\u0142 bp Leszek Leszkiewicz. W kazaniu podkre\u015bli\u0142, \u017ce dziewcz\u0119ta z DSM maj\u0105 szczeg\u00f3lny motyw, poprzez przynale\u017cno\u015b\u0107 do wsp\u00f3lnoty, by codziennie rano i wieczorem rozmawia\u0107 z Maryj\u0105, a przez Ni\u0105 z samym Jezusem.<\/span><\/p><p style=\"text-align: justify;\"><span style=\"color: #000000;\">\u2013 Jaki by\u0142by \u015bwiat, gdyby\u015bmy przestali si\u0119 modli\u0107? Niech codzienny pacierz, odmawiany sercem, b\u0119dzie czasem spotkania z Jezusem i Jego Matk\u0105, czasem duchowego wzrostu i dojrzewania do bycia dzieckiem Maryi \u2013 m\u00f3wi\u0142 do dziewcz\u0105t bp Leszkiewcz.<\/span><\/p><p style=\"text-align: justify;\"><span style=\"color: #000000; font-family: var( --e-global-typography-text-font-family ), Sans-serif; font-weight: var( --e-global-typography-text-font-weight ); text-align: justify;\">Uroczysto\u015b\u0107 by\u0142a te\u017c okazj\u0105, by podzi\u0119kowa\u0107 najstarszym przewodniczkom, \u017cegnaj\u0105cym si\u0119 ze wsp\u00f3lnot\u0105 m.in. ze wzgl\u0119du na podejmowane studia.<\/span><\/p><\/div><\/div><\/div>\t\t\t\t\t\t\t\t<\/div>\n\t\t\t\t<\/div>\n\t\t\t\t\t<\/div>\n\t\t\t\t<\/div>\n\t\t<div class=\"elementor-element elementor-element-ffcc473 e-grid e-con-boxed e-con e-parent\" data-id=\"ffcc473\" data-element_type=\"container\" data-e-type=\"container\">\n\t\t\t\t\t<div class=\"e-con-inner\">\n\t\t\t\t<div class=\"elementor-element elementor-element-fab2a26 elementor-widget elementor-widget-image\" data-id=\"fab2a26\" data-element_type=\"widget\" data-e-type=\"widget\" data-widget_type=\"image.default\">\n\t\t\t\t<div class=\"elementor-widget-container\">\n\t\t\t\t\t\t\t\t\t\t\t\t\t\t\t\t<a href=\"https:\/\/www.stasiowka.pl\/wp-content\/uploads\/2025\/05\/Pielgrzymka-DSM-2025-05.jpg\" data-elementor-open-lightbox=\"yes\" data-elementor-lightbox-title=\"Pielgrzymka DSM 2025 05\" data-e-action-hash=\"#elementor-action%3Aaction%3Dlightbox%26settings%3DeyJpZCI6MzUzOCwidXJsIjoiaHR0cHM6XC9cL3d3dy5zdGFzaW93a2EucGxcL3dwLWNvbnRlbnRcL3VwbG9hZHNcLzIwMjVcLzA1XC9QaWVsZ3J6eW1rYS1EU00tMjAyNS0wNS5qcGcifQ%3D%3D\">\n\t\t\t\t\t\t\t<img fetchpriority=\"high\" decoding=\"async\" width=\"847\" height=\"381\" src=\"https:\/\/www.stasiowka.pl\/wp-content\/uploads\/2025\/05\/Pielgrzymka-DSM-2025-05-1024x461.jpg\" class=\"attachment-large size-large wp-image-3538\" alt=\"\" srcset=\"https:\/\/www.stasiowka.pl\/wp-content\/uploads\/2025\/05\/Pielgrzymka-DSM-2025-05-1024x461.jpg 1024w, https:\/\/www.stasiowka.pl\/wp-content\/uploads\/2025\/05\/Pielgrzymka-DSM-2025-05-300x135.jpg 300w, https:\/\/www.stasiowka.pl\/wp-content\/uploads\/2025\/05\/Pielgrzymka-DSM-2025-05-768x346.jpg 768w, https:\/\/www.stasiowka.pl\/wp-content\/uploads\/2025\/05\/Pielgrzymka-DSM-2025-05-847x382.jpg 847w, https:\/\/www.stasiowka.pl\/wp-content\/uploads\/2025\/05\/Pielgrzymka-DSM-2025-05.jpg 1210w\" sizes=\"(max-width: 847px) 100vw, 847px\" \/>\t\t\t\t\t\t\t\t<\/a>\n\t\t\t\t\t\t\t\t\t\t\t\t\t\t\t<\/div>\n\t\t\t\t<\/div>\n\t\t\t\t<div class=\"elementor-element elementor-element-9f53b24 elementor-widget elementor-widget-image\" data-id=\"9f53b24\" data-element_type=\"widget\" data-e-type=\"widget\" data-widget_type=\"image.default\">\n\t\t\t\t<div class=\"elementor-widget-container\">\n\t\t\t\t\t\t\t\t\t\t\t\t\t\t\t\t<a href=\"https:\/\/www.stasiowka.pl\/wp-content\/uploads\/2025\/05\/Pielgrzymka-DSM-2025-01.jpg\" data-elementor-open-lightbox=\"yes\" data-elementor-lightbox-title=\"Pielgrzymka DSM 2025 01\" data-e-action-hash=\"#elementor-action%3Aaction%3Dlightbox%26settings%3DeyJpZCI6MzUzNCwidXJsIjoiaHR0cHM6XC9cL3d3dy5zdGFzaW93a2EucGxcL3dwLWNvbnRlbnRcL3VwbG9hZHNcLzIwMjVcLzA1XC9QaWVsZ3J6eW1rYS1EU00tMjAyNS0wMS5qcGcifQ%3D%3D\">\n\t\t\t\t\t\t\t<img decoding=\"async\" width=\"847\" height=\"381\" src=\"https:\/\/www.stasiowka.pl\/wp-content\/uploads\/2025\/05\/Pielgrzymka-DSM-2025-01-1024x461.jpg\" class=\"attachment-large size-large wp-image-3534\" alt=\"\" srcset=\"https:\/\/www.stasiowka.pl\/wp-content\/uploads\/2025\/05\/Pielgrzymka-DSM-2025-01-1024x461.jpg 1024w, https:\/\/www.stasiowka.pl\/wp-content\/uploads\/2025\/05\/Pielgrzymka-DSM-2025-01-300x135.jpg 300w, https:\/\/www.stasiowka.pl\/wp-content\/uploads\/2025\/05\/Pielgrzymka-DSM-2025-01-768x346.jpg 768w, https:\/\/www.stasiowka.pl\/wp-content\/uploads\/2025\/05\/Pielgrzymka-DSM-2025-01-847x382.jpg 847w, https:\/\/www.stasiowka.pl\/wp-content\/uploads\/2025\/05\/Pielgrzymka-DSM-2025-01.jpg 1210w\" sizes=\"(max-width: 847px) 100vw, 847px\" \/>\t\t\t\t\t\t\t\t<\/a>\n\t\t\t\t\t\t\t\t\t\t\t\t\t\t\t<\/div>\n\t\t\t\t<\/div>\n\t\t\t\t<div class=\"elementor-element elementor-element-2f3cbd8 elementor-widget elementor-widget-image\" data-id=\"2f3cbd8\" data-element_type=\"widget\" data-e-type=\"widget\" data-widget_type=\"image.default\">\n\t\t\t\t<div class=\"elementor-widget-container\">\n\t\t\t\t\t\t\t\t\t\t\t\t\t\t\t\t<a href=\"https:\/\/www.stasiowka.pl\/wp-content\/uploads\/2025\/05\/Pielgrzymka-DSM-2025-03.jpg\" data-elementor-open-lightbox=\"yes\" data-elementor-lightbox-title=\"Pielgrzymka DSM 2025 03\" data-e-action-hash=\"#elementor-action%3Aaction%3Dlightbox%26settings%3DeyJpZCI6MzUzNiwidXJsIjoiaHR0cHM6XC9cL3d3dy5zdGFzaW93a2EucGxcL3dwLWNvbnRlbnRcL3VwbG9hZHNcLzIwMjVcLzA1XC9QaWVsZ3J6eW1rYS1EU00tMjAyNS0wMy5qcGcifQ%3D%3D\">\n\t\t\t\t\t\t\t<img decoding=\"async\" width=\"847\" height=\"381\" src=\"https:\/\/www.stasiowka.pl\/wp-content\/uploads\/2025\/05\/Pielgrzymka-DSM-2025-03-1024x461.jpg\" class=\"attachment-large size-large wp-image-3536\" alt=\"\" srcset=\"https:\/\/www.stasiowka.pl\/wp-content\/uploads\/2025\/05\/Pielgrzymka-DSM-2025-03-1024x461.jpg 1024w, https:\/\/www.stasiowka.pl\/wp-content\/uploads\/2025\/05\/Pielgrzymka-DSM-2025-03-300x135.jpg 300w, https:\/\/www.stasiowka.pl\/wp-content\/uploads\/2025\/05\/Pielgrzymka-DSM-2025-03-768x346.jpg 768w, https:\/\/www.stasiowka.pl\/wp-content\/uploads\/2025\/05\/Pielgrzymka-DSM-2025-03-847x382.jpg 847w, https:\/\/www.stasiowka.pl\/wp-content\/uploads\/2025\/05\/Pielgrzymka-DSM-2025-03.jpg 1210w\" sizes=\"(max-width: 847px) 100vw, 847px\" \/>\t\t\t\t\t\t\t\t<\/a>\n\t\t\t\t\t\t\t\t\t\t\t\t\t\t\t<\/div>\n\t\t\t\t<\/div>\n\t\t\t\t\t<\/div>\n\t\t\t\t<\/div>\n\t\t<div class=\"elementor-element elementor-element-aaa5d1b e-flex e-con-boxed e-con e-parent\" data-id=\"aaa5d1b\" data-element_type=\"container\" data-e-type=\"container\">\n\t\t\t\t\t<div class=\"e-con-inner\">\n\t\t\t\t<div class=\"elementor-element elementor-element-b94d21c elementor-widget elementor-widget-image\" data-id=\"b94d21c\" data-element_type=\"widget\" data-e-type=\"widget\" data-widget_type=\"image.default\">\n\t\t\t\t<div class=\"elementor-widget-container\">\n\t\t\t\t\t\t\t\t\t\t\t\t\t\t\t\t<a href=\"https:\/\/www.stasiowka.pl\/wp-content\/uploads\/2025\/05\/Pielgrzymka-DSM-2025-04-2.jpg\" data-elementor-open-lightbox=\"yes\" data-elementor-lightbox-title=\"Pielgrzymka DSM 2025 04\" data-e-action-hash=\"#elementor-action%3Aaction%3Dlightbox%26settings%3DeyJpZCI6MzU0MSwidXJsIjoiaHR0cHM6XC9cL3d3dy5zdGFzaW93a2EucGxcL3dwLWNvbnRlbnRcL3VwbG9hZHNcLzIwMjVcLzA1XC9QaWVsZ3J6eW1rYS1EU00tMjAyNS0wNC0yLmpwZyJ9\">\n\t\t\t\t\t\t\t<img loading=\"lazy\" decoding=\"async\" width=\"847\" height=\"532\" src=\"https:\/\/www.stasiowka.pl\/wp-content\/uploads\/2025\/05\/Pielgrzymka-DSM-2025-04-2.jpg\" class=\"attachment-large size-large wp-image-3541\" alt=\"\" srcset=\"https:\/\/www.stasiowka.pl\/wp-content\/uploads\/2025\/05\/Pielgrzymka-DSM-2025-04-2.jpg 860w, https:\/\/www.stasiowka.pl\/wp-content\/uploads\/2025\/05\/Pielgrzymka-DSM-2025-04-2-300x188.jpg 300w, https:\/\/www.stasiowka.pl\/wp-content\/uploads\/2025\/05\/Pielgrzymka-DSM-2025-04-2-768x482.jpg 768w, https:\/\/www.stasiowka.pl\/wp-content\/uploads\/2025\/05\/Pielgrzymka-DSM-2025-04-2-847x532.jpg 847w\" sizes=\"(max-width: 847px) 100vw, 847px\" \/>\t\t\t\t\t\t\t\t<\/a>\n\t\t\t\t\t\t\t\t\t\t\t\t\t\t\t<\/div>\n\t\t\t\t<\/div>\n\t\t\t\t\t<\/div>\n\t\t\t\t<\/div>\n\t\t\t\t<\/div>\n\t\t","protected":false},"excerpt":{"rendered":"<p>Szczepan\u00f3w \u2013 miejsce urodzin \u015bw. Stanis\u0142awa Biskupa i M\u0119czennika \u2013 go\u015bci\u0142 uczestniczki diecezjalnej pielgrzymki Dziewcz\u0119cej S\u0142u\u017cby Maryjnej.\u00a0R\u00f3wnie\u017c z naszej parafii\u00a0 wyruszy\u0142a grupa, kt\u00f3rej opiekunem by\u0142 p. mgr \u0141ukasz Kubek. Przed po\u0142udniem odby\u0142a si\u0119 prezentacja grup, kt\u00f3re odpowiedzia\u0142y na apel organizator\u00f3w i przygotowa\u0142y prezentacj\u0119 wybranego przez siebie wezwania z Litanii Loreta\u0144skiej. Dziewcz\u0119ta wyrazi\u0142y je plastycznie za &hellip; <\/p>\n<p><a class=\"more-link btn\" href=\"https:\/\/www.stasiowka.pl\/?p=3533\">Czytaj dalej<\/a><\/p>\n","protected":false},"author":1,"featured_media":0,"comment_status":"open","ping_status":"open","sticky":false,"template":"","format":"standard","meta":{"ngg_post_thumbnail":0,"footnotes":""},"categories":[1],"tags":[],"class_list":["post-3533","post","type-post","status-publish","format-standard","hentry","category-uncategorized","item-wrap"],"_links":{"self":[{"href":"https:\/\/www.stasiowka.pl\/index.php?rest_route=\/wp\/v2\/posts\/3533","targetHints":{"allow":["GET"]}}],"collection":[{"href":"https:\/\/www.stasiowka.pl\/index.php?rest_route=\/wp\/v2\/posts"}],"about":[{"href":"https:\/\/www.stasiowka.pl\/index.php?rest_route=\/wp\/v2\/types\/post"}],"author":[{"embeddable":true,"href":"https:\/\/www.stasiowka.pl\/index.php?rest_route=\/wp\/v2\/users\/1"}],"replies":[{"embeddable":true,"href":"https:\/\/www.stasiowka.pl\/index.php?rest_route=%2Fwp%2Fv2%2Fcomments&post=3533"}],"version-history":[{"count":6,"href":"https:\/\/www.stasiowka.pl\/index.php?rest_route=\/wp\/v2\/posts\/3533\/revisions"}],"predecessor-version":[{"id":3547,"href":"https:\/\/www.stasiowka.pl\/index.php?rest_route=\/wp\/v2\/posts\/3533\/revisions\/3547"}],"wp:attachment":[{"href":"https:\/\/www.stasiowka.pl\/index.php?rest_route=%2Fwp%2Fv2%2Fmedia&parent=3533"}],"wp:term":[{"taxonomy":"category","embeddable":true,"href":"https:\/\/www.stasiowka.pl\/index.php?rest_route=%2Fwp%2Fv2%2Fcategories&post=3533"},{"taxonomy":"post_tag","embeddable":true,"href":"https:\/\/www.stasiowka.pl\/index.php?rest_route=%2Fwp%2Fv2%2Ftags&post=3533"}],"curies":[{"name":"wp","href":"https:\/\/api.w.org\/{rel}","templated":true}]}}