{"id":3192,"date":"2025-03-06T18:57:02","date_gmt":"2025-03-06T18:57:02","guid":{"rendered":"https:\/\/www.stasiowka.pl\/?p=3192"},"modified":"2025-03-06T18:57:13","modified_gmt":"2025-03-06T18:57:13","slug":"rekolekcje-krucjaty-wyzwolenia-czlowieka","status":"publish","type":"post","link":"https:\/\/www.stasiowka.pl\/?p=3192","title":{"rendered":"Rekolekcje Krucjaty Wyzwolenia Cz\u0142owieka"},"content":{"rendered":"<div style=\"text-align: justify;\">Rekolekcje Krucjaty Wyzwolenia Cz\u0142owieka odbywa\u0107 si\u0119 b\u0119d\u0105 w Parafii \u015aw. Jadwigi w D\u0119bicy w dniach 17-19 marca 2025 r. \/poniedzia\u0142ek, wtorek, \u015broda\/ w godzinach popo\u0142udniowych od godz. 16.00. Rekolekcje poprowadzi Ks. Jan Reczek z Archidiecezji Krakowskiej.<\/div>\n<div style=\"text-align: justify;\">Do udzia\u0142u w Rekolekcjach zapraszamy, wszystkich, kt\u00f3rzy pragn\u0105 umocni\u0107 swoj\u0105 wiar\u0119, postaw\u0119 trze\u017awo\u015bci i abstynencji oraz tych, kt\u00f3rym zale\u017cy na sprawie trze\u017awo\u015bci. Zapraszamy osoby prze\u017cywaj\u0105ce problem uzale\u017cnienia od alkoholu, narkotyk\u00f3w, hazardu czy innych na\u0142og\u00f3w i zniewole\u0144 oraz ich rodziny i bliskich, a tak\u017ce tych, kt\u00f3rzy pragn\u0105 w\u0142\u0105czy\u0107 si\u0119 w dzie\u0142o Krucjaty .<\/div>\n<p style=\"text-align: justify;\">Pragnienie uczestnictwa w rekolekcjach, prosimy niezw\u0142ocznie zg\u0142osi\u0107 w kancelarii parafialnej lub na poniedzia\u0142kowym spotkaniu Wsp\u00f3lnoty KWC ze wzgl\u0119d\u00f3w organizacyjnych oraz w celu otrzymania programu rekolekcji i uzyskania bli\u017cszych informacji. Telefon do kontaktu: 609 628 155 lub 14\/683 34 45.<\/p>\n<p>&nbsp;<img fetchpriority=\"high\" decoding=\"async\" class=\"aligncenter wp-image-3194 size-large\" src=\"https:\/\/www.stasiowka.pl\/wp-content\/uploads\/2025\/03\/afisz-na-rekolelekcje-KWC-2025_prev-728x1024.jpg\" alt=\"\" width=\"728\" height=\"1024\" srcset=\"https:\/\/www.stasiowka.pl\/wp-content\/uploads\/2025\/03\/afisz-na-rekolelekcje-KWC-2025_prev-728x1024.jpg 728w, https:\/\/www.stasiowka.pl\/wp-content\/uploads\/2025\/03\/afisz-na-rekolelekcje-KWC-2025_prev-213x300.jpg 213w, https:\/\/www.stasiowka.pl\/wp-content\/uploads\/2025\/03\/afisz-na-rekolelekcje-KWC-2025_prev-768x1080.jpg 768w, https:\/\/www.stasiowka.pl\/wp-content\/uploads\/2025\/03\/afisz-na-rekolelekcje-KWC-2025_prev-1093x1536.jpg 1093w, https:\/\/www.stasiowka.pl\/wp-content\/uploads\/2025\/03\/afisz-na-rekolelekcje-KWC-2025_prev-1457x2048.jpg 1457w, https:\/\/www.stasiowka.pl\/wp-content\/uploads\/2025\/03\/afisz-na-rekolelekcje-KWC-2025_prev-847x1191.jpg 847w, https:\/\/www.stasiowka.pl\/wp-content\/uploads\/2025\/03\/afisz-na-rekolelekcje-KWC-2025_prev-scaled.jpg 1821w\" sizes=\"(max-width: 728px) 100vw, 728px\" \/><\/p>\n<p>&nbsp;<\/p>\n","protected":false},"excerpt":{"rendered":"<p>Rekolekcje Krucjaty Wyzwolenia Cz\u0142owieka odbywa\u0107 si\u0119 b\u0119d\u0105 w Parafii \u015aw. Jadwigi w D\u0119bicy w dniach 17-19 marca 2025 r. \/poniedzia\u0142ek, wtorek, \u015broda\/ w godzinach popo\u0142udniowych od godz. 16.00. Rekolekcje poprowadzi Ks. Jan Reczek z Archidiecezji Krakowskiej. Do udzia\u0142u w Rekolekcjach zapraszamy, wszystkich, kt\u00f3rzy pragn\u0105 umocni\u0107 swoj\u0105 wiar\u0119, postaw\u0119 trze\u017awo\u015bci i abstynencji oraz tych, kt\u00f3rym zale\u017cy &hellip; <\/p>\n<p><a class=\"more-link btn\" href=\"https:\/\/www.stasiowka.pl\/?p=3192\">Czytaj dalej<\/a><\/p>\n","protected":false},"author":1,"featured_media":3193,"comment_status":"open","ping_status":"open","sticky":false,"template":"","format":"standard","meta":{"ngg_post_thumbnail":0,"footnotes":""},"categories":[1],"tags":[],"class_list":["post-3192","post","type-post","status-publish","format-standard","has-post-thumbnail","hentry","category-uncategorized","item-wrap"],"_links":{"self":[{"href":"https:\/\/www.stasiowka.pl\/index.php?rest_route=\/wp\/v2\/posts\/3192","targetHints":{"allow":["GET"]}}],"collection":[{"href":"https:\/\/www.stasiowka.pl\/index.php?rest_route=\/wp\/v2\/posts"}],"about":[{"href":"https:\/\/www.stasiowka.pl\/index.php?rest_route=\/wp\/v2\/types\/post"}],"author":[{"embeddable":true,"href":"https:\/\/www.stasiowka.pl\/index.php?rest_route=\/wp\/v2\/users\/1"}],"replies":[{"embeddable":true,"href":"https:\/\/www.stasiowka.pl\/index.php?rest_route=%2Fwp%2Fv2%2Fcomments&post=3192"}],"version-history":[{"count":2,"href":"https:\/\/www.stasiowka.pl\/index.php?rest_route=\/wp\/v2\/posts\/3192\/revisions"}],"predecessor-version":[{"id":3196,"href":"https:\/\/www.stasiowka.pl\/index.php?rest_route=\/wp\/v2\/posts\/3192\/revisions\/3196"}],"wp:featuredmedia":[{"embeddable":true,"href":"https:\/\/www.stasiowka.pl\/index.php?rest_route=\/wp\/v2\/media\/3193"}],"wp:attachment":[{"href":"https:\/\/www.stasiowka.pl\/index.php?rest_route=%2Fwp%2Fv2%2Fmedia&parent=3192"}],"wp:term":[{"taxonomy":"category","embeddable":true,"href":"https:\/\/www.stasiowka.pl\/index.php?rest_route=%2Fwp%2Fv2%2Fcategories&post=3192"},{"taxonomy":"post_tag","embeddable":true,"href":"https:\/\/www.stasiowka.pl\/index.php?rest_route=%2Fwp%2Fv2%2Ftags&post=3192"}],"curies":[{"name":"wp","href":"https:\/\/api.w.org\/{rel}","templated":true}]}}