{"id":3001,"date":"2024-12-20T17:31:13","date_gmt":"2024-12-20T17:31:13","guid":{"rendered":"https:\/\/www.stasiowka.pl\/?p=3001"},"modified":"2024-12-20T17:31:13","modified_gmt":"2024-12-20T17:31:13","slug":"swiatlo-w-ciemnosci","status":"publish","type":"post","link":"https:\/\/www.stasiowka.pl\/?p=3001","title":{"rendered":"\u015awiat\u0142o w ciemno\u015bci"},"content":{"rendered":"<div dir=\"auto\" style=\"text-align: justify;\" data-olk-copy-source=\"MessageBody\">Duszpasterstwo M\u0142odzie\u017cy Okr\u0119gu D\u0119bickiego zaprasza na Msz\u0119 \u015awi\u0119t\u0105 M\u0142odych z cyklu \u015awiat\u0142o\u015b\u0107 w Ciemno\u015bci w Nowy Rok 01.01.2025 r. w ko\u015bciele Mi\u0142osierdzia Bo\u017cego w D\u0119bicy o godz. 20.00 . Msza poprzedzona nowenn\u0105 M\u0142odych o godz. 19:45 b\u0119dzie sprawowana w nades\u0142anych intencjach.&nbsp;Szczeg\u00f3\u0142y na mediach spo\u0142eczno\u015bciowych RDE PENUEL.<\/div>\n<div dir=\"auto\" data-olk-copy-source=\"MessageBody\"><img fetchpriority=\"high\" decoding=\"async\" class=\"aligncenter wp-image-3003 size-large\" src=\"https:\/\/www.stasiowka.pl\/wp-content\/uploads\/2024\/12\/SwC_-724x1024.jpg\" alt=\"\" width=\"724\" height=\"1024\" srcset=\"https:\/\/www.stasiowka.pl\/wp-content\/uploads\/2024\/12\/SwC_-724x1024.jpg 724w, https:\/\/www.stasiowka.pl\/wp-content\/uploads\/2024\/12\/SwC_-212x300.jpg 212w, https:\/\/www.stasiowka.pl\/wp-content\/uploads\/2024\/12\/SwC_-768x1086.jpg 768w, https:\/\/www.stasiowka.pl\/wp-content\/uploads\/2024\/12\/SwC_-1087x1536.jpg 1087w, https:\/\/www.stasiowka.pl\/wp-content\/uploads\/2024\/12\/SwC_-1449x2048.jpg 1449w, https:\/\/www.stasiowka.pl\/wp-content\/uploads\/2024\/12\/SwC_-847x1197.jpg 847w, https:\/\/www.stasiowka.pl\/wp-content\/uploads\/2024\/12\/SwC_-scaled.jpg 1811w\" sizes=\"(max-width: 724px) 100vw, 724px\" \/><\/div>\n","protected":false},"excerpt":{"rendered":"<p>Duszpasterstwo M\u0142odzie\u017cy Okr\u0119gu D\u0119bickiego zaprasza na Msz\u0119 \u015awi\u0119t\u0105 M\u0142odych z cyklu \u015awiat\u0142o\u015b\u0107 w Ciemno\u015bci w Nowy Rok 01.01.2025 r. w ko\u015bciele Mi\u0142osierdzia Bo\u017cego w D\u0119bicy o godz. 20.00 . Msza poprzedzona nowenn\u0105 M\u0142odych o godz. 19:45 b\u0119dzie sprawowana w nades\u0142anych intencjach.&nbsp;Szczeg\u00f3\u0142y na mediach spo\u0142eczno\u015bciowych RDE PENUEL.<\/p>\n","protected":false},"author":1,"featured_media":3002,"comment_status":"open","ping_status":"open","sticky":false,"template":"","format":"standard","meta":{"ngg_post_thumbnail":0,"footnotes":""},"categories":[1],"tags":[],"class_list":["post-3001","post","type-post","status-publish","format-standard","has-post-thumbnail","hentry","category-uncategorized","item-wrap"],"_links":{"self":[{"href":"https:\/\/www.stasiowka.pl\/index.php?rest_route=\/wp\/v2\/posts\/3001","targetHints":{"allow":["GET"]}}],"collection":[{"href":"https:\/\/www.stasiowka.pl\/index.php?rest_route=\/wp\/v2\/posts"}],"about":[{"href":"https:\/\/www.stasiowka.pl\/index.php?rest_route=\/wp\/v2\/types\/post"}],"author":[{"embeddable":true,"href":"https:\/\/www.stasiowka.pl\/index.php?rest_route=\/wp\/v2\/users\/1"}],"replies":[{"embeddable":true,"href":"https:\/\/www.stasiowka.pl\/index.php?rest_route=%2Fwp%2Fv2%2Fcomments&post=3001"}],"version-history":[{"count":1,"href":"https:\/\/www.stasiowka.pl\/index.php?rest_route=\/wp\/v2\/posts\/3001\/revisions"}],"predecessor-version":[{"id":3004,"href":"https:\/\/www.stasiowka.pl\/index.php?rest_route=\/wp\/v2\/posts\/3001\/revisions\/3004"}],"wp:featuredmedia":[{"embeddable":true,"href":"https:\/\/www.stasiowka.pl\/index.php?rest_route=\/wp\/v2\/media\/3002"}],"wp:attachment":[{"href":"https:\/\/www.stasiowka.pl\/index.php?rest_route=%2Fwp%2Fv2%2Fmedia&parent=3001"}],"wp:term":[{"taxonomy":"category","embeddable":true,"href":"https:\/\/www.stasiowka.pl\/index.php?rest_route=%2Fwp%2Fv2%2Fcategories&post=3001"},{"taxonomy":"post_tag","embeddable":true,"href":"https:\/\/www.stasiowka.pl\/index.php?rest_route=%2Fwp%2Fv2%2Ftags&post=3001"}],"curies":[{"name":"wp","href":"https:\/\/api.w.org\/{rel}","templated":true}]}}