{"id":2960,"date":"2024-11-30T09:23:26","date_gmt":"2024-11-30T09:23:26","guid":{"rendered":"https:\/\/www.stasiowka.pl\/?p=2960"},"modified":"2024-11-30T10:24:18","modified_gmt":"2024-11-30T10:24:18","slug":"wigilijne-dzielo-pomocy-dzieciom","status":"publish","type":"post","link":"https:\/\/www.stasiowka.pl\/?p=2960","title":{"rendered":"Wigilijne Dzie\u0142o Pomocy Dzieciom"},"content":{"rendered":"<p style=\"text-align: justify;\">Zgodnie z tradycj\u0105 okres Adwentu jest dla nas wszystkich czasem szczeg\u00f3lnej troski o ludzi ubogich, samotnych i potrzebuj\u0105cych naszego wsparcia. Zwracam si\u0119 zatem z uprzejm\u0105 pro\u015bb\u0105 o \u017cyczliwe wsparcie og\u00f3lnopolskiego dzie\u0142a, jakim jest Wigilijne Dzie\u0142o Pomocy Dzieciom (\u015awieca Caritas). Cena \u015bwiecy to 9 z\u0142.<\/p>\n<p><img fetchpriority=\"high\" decoding=\"async\" class=\"aligncenter wp-image-2962 size-large\" src=\"https:\/\/www.stasiowka.pl\/wp-content\/uploads\/2024\/11\/PLAKAT-A4_CARITAS_compressed-732x1024.jpg\" alt=\"\" width=\"732\" height=\"1024\" srcset=\"https:\/\/www.stasiowka.pl\/wp-content\/uploads\/2024\/11\/PLAKAT-A4_CARITAS_compressed-732x1024.jpg 732w, https:\/\/www.stasiowka.pl\/wp-content\/uploads\/2024\/11\/PLAKAT-A4_CARITAS_compressed-214x300.jpg 214w, https:\/\/www.stasiowka.pl\/wp-content\/uploads\/2024\/11\/PLAKAT-A4_CARITAS_compressed-768x1074.jpg 768w, https:\/\/www.stasiowka.pl\/wp-content\/uploads\/2024\/11\/PLAKAT-A4_CARITAS_compressed-1098x1536.jpg 1098w, https:\/\/www.stasiowka.pl\/wp-content\/uploads\/2024\/11\/PLAKAT-A4_CARITAS_compressed-1464x2048.jpg 1464w, https:\/\/www.stasiowka.pl\/wp-content\/uploads\/2024\/11\/PLAKAT-A4_CARITAS_compressed-847x1185.jpg 847w, https:\/\/www.stasiowka.pl\/wp-content\/uploads\/2024\/11\/PLAKAT-A4_CARITAS_compressed-scaled.jpg 1830w\" sizes=\"(max-width: 732px) 100vw, 732px\" \/><\/p>\n<p>&nbsp;<\/p>\n","protected":false},"excerpt":{"rendered":"<p>Zgodnie z tradycj\u0105 okres Adwentu jest dla nas wszystkich czasem szczeg\u00f3lnej troski o ludzi ubogich, samotnych i potrzebuj\u0105cych naszego wsparcia. Zwracam si\u0119 zatem z uprzejm\u0105 pro\u015bb\u0105 o \u017cyczliwe wsparcie og\u00f3lnopolskiego dzie\u0142a, jakim jest Wigilijne Dzie\u0142o Pomocy Dzieciom (\u015awieca Caritas). Cena \u015bwiecy to 9 z\u0142. &nbsp;<\/p>\n","protected":false},"author":1,"featured_media":0,"comment_status":"open","ping_status":"open","sticky":false,"template":"","format":"standard","meta":{"ngg_post_thumbnail":0,"footnotes":""},"categories":[1],"tags":[],"class_list":["post-2960","post","type-post","status-publish","format-standard","hentry","category-uncategorized","item-wrap"],"_links":{"self":[{"href":"https:\/\/www.stasiowka.pl\/index.php?rest_route=\/wp\/v2\/posts\/2960","targetHints":{"allow":["GET"]}}],"collection":[{"href":"https:\/\/www.stasiowka.pl\/index.php?rest_route=\/wp\/v2\/posts"}],"about":[{"href":"https:\/\/www.stasiowka.pl\/index.php?rest_route=\/wp\/v2\/types\/post"}],"author":[{"embeddable":true,"href":"https:\/\/www.stasiowka.pl\/index.php?rest_route=\/wp\/v2\/users\/1"}],"replies":[{"embeddable":true,"href":"https:\/\/www.stasiowka.pl\/index.php?rest_route=%2Fwp%2Fv2%2Fcomments&post=2960"}],"version-history":[{"count":2,"href":"https:\/\/www.stasiowka.pl\/index.php?rest_route=\/wp\/v2\/posts\/2960\/revisions"}],"predecessor-version":[{"id":2964,"href":"https:\/\/www.stasiowka.pl\/index.php?rest_route=\/wp\/v2\/posts\/2960\/revisions\/2964"}],"wp:attachment":[{"href":"https:\/\/www.stasiowka.pl\/index.php?rest_route=%2Fwp%2Fv2%2Fmedia&parent=2960"}],"wp:term":[{"taxonomy":"category","embeddable":true,"href":"https:\/\/www.stasiowka.pl\/index.php?rest_route=%2Fwp%2Fv2%2Fcategories&post=2960"},{"taxonomy":"post_tag","embeddable":true,"href":"https:\/\/www.stasiowka.pl\/index.php?rest_route=%2Fwp%2Fv2%2Ftags&post=2960"}],"curies":[{"name":"wp","href":"https:\/\/api.w.org\/{rel}","templated":true}]}}