{"id":2942,"date":"2024-11-15T14:10:34","date_gmt":"2024-11-15T14:10:34","guid":{"rendered":"https:\/\/www.stasiowka.pl\/?p=2942"},"modified":"2024-11-15T14:10:34","modified_gmt":"2024-11-15T14:10:34","slug":"spotkanie-mlodych","status":"publish","type":"post","link":"https:\/\/www.stasiowka.pl\/?p=2942","title":{"rendered":"Spotkanie m\u0142odych"},"content":{"rendered":"<p style=\"text-align: justify;\">Duszpasterstwo M\u0142odzie\u017cy Okr\u0119gu D\u0119bickiego zaprasza na Msz\u0119 \u015awi\u0119t\u0105 M\u0142odych z cyklu \u015awiat\u0142o\u015b\u0107 w Ciemno\u015bci w niedziel\u0119 24.11.2024 r. w ko\u015bciele pw. Ducha \u015awi\u0119tego w D\u0119bicy o godz. 20.00 . Msza poprzedzona nowenn\u0105 M\u0142odych o godz. 19:45 b\u0119dzie sprawowana w nades\u0142anych intencjach.&nbsp;<img fetchpriority=\"high\" decoding=\"async\" class=\"aligncenter wp-image-2944 size-large\" src=\"https:\/\/www.stasiowka.pl\/wp-content\/uploads\/2024\/11\/SwC_24-25-724x1024.jpg\" alt=\"\" width=\"724\" height=\"1024\" srcset=\"https:\/\/www.stasiowka.pl\/wp-content\/uploads\/2024\/11\/SwC_24-25-724x1024.jpg 724w, https:\/\/www.stasiowka.pl\/wp-content\/uploads\/2024\/11\/SwC_24-25-212x300.jpg 212w, https:\/\/www.stasiowka.pl\/wp-content\/uploads\/2024\/11\/SwC_24-25-768x1086.jpg 768w, https:\/\/www.stasiowka.pl\/wp-content\/uploads\/2024\/11\/SwC_24-25-1087x1536.jpg 1087w, https:\/\/www.stasiowka.pl\/wp-content\/uploads\/2024\/11\/SwC_24-25-1449x2048.jpg 1449w, https:\/\/www.stasiowka.pl\/wp-content\/uploads\/2024\/11\/SwC_24-25-847x1197.jpg 847w, https:\/\/www.stasiowka.pl\/wp-content\/uploads\/2024\/11\/SwC_24-25-scaled.jpg 1811w\" sizes=\"(max-width: 724px) 100vw, 724px\" \/><\/p>\n","protected":false},"excerpt":{"rendered":"<p>Duszpasterstwo M\u0142odzie\u017cy Okr\u0119gu D\u0119bickiego zaprasza na Msz\u0119 \u015awi\u0119t\u0105 M\u0142odych z cyklu \u015awiat\u0142o\u015b\u0107 w Ciemno\u015bci w niedziel\u0119 24.11.2024 r. w ko\u015bciele pw. Ducha \u015awi\u0119tego w D\u0119bicy o godz. 20.00 . Msza poprzedzona nowenn\u0105 M\u0142odych o godz. 19:45 b\u0119dzie sprawowana w nades\u0142anych intencjach.&nbsp;<\/p>\n","protected":false},"author":1,"featured_media":2943,"comment_status":"open","ping_status":"open","sticky":false,"template":"","format":"standard","meta":{"ngg_post_thumbnail":0,"footnotes":""},"categories":[1],"tags":[],"class_list":["post-2942","post","type-post","status-publish","format-standard","has-post-thumbnail","hentry","category-uncategorized","item-wrap"],"_links":{"self":[{"href":"https:\/\/www.stasiowka.pl\/index.php?rest_route=\/wp\/v2\/posts\/2942","targetHints":{"allow":["GET"]}}],"collection":[{"href":"https:\/\/www.stasiowka.pl\/index.php?rest_route=\/wp\/v2\/posts"}],"about":[{"href":"https:\/\/www.stasiowka.pl\/index.php?rest_route=\/wp\/v2\/types\/post"}],"author":[{"embeddable":true,"href":"https:\/\/www.stasiowka.pl\/index.php?rest_route=\/wp\/v2\/users\/1"}],"replies":[{"embeddable":true,"href":"https:\/\/www.stasiowka.pl\/index.php?rest_route=%2Fwp%2Fv2%2Fcomments&post=2942"}],"version-history":[{"count":1,"href":"https:\/\/www.stasiowka.pl\/index.php?rest_route=\/wp\/v2\/posts\/2942\/revisions"}],"predecessor-version":[{"id":2945,"href":"https:\/\/www.stasiowka.pl\/index.php?rest_route=\/wp\/v2\/posts\/2942\/revisions\/2945"}],"wp:featuredmedia":[{"embeddable":true,"href":"https:\/\/www.stasiowka.pl\/index.php?rest_route=\/wp\/v2\/media\/2943"}],"wp:attachment":[{"href":"https:\/\/www.stasiowka.pl\/index.php?rest_route=%2Fwp%2Fv2%2Fmedia&parent=2942"}],"wp:term":[{"taxonomy":"category","embeddable":true,"href":"https:\/\/www.stasiowka.pl\/index.php?rest_route=%2Fwp%2Fv2%2Fcategories&post=2942"},{"taxonomy":"post_tag","embeddable":true,"href":"https:\/\/www.stasiowka.pl\/index.php?rest_route=%2Fwp%2Fv2%2Ftags&post=2942"}],"curies":[{"name":"wp","href":"https:\/\/api.w.org\/{rel}","templated":true}]}}