{"id":2892,"date":"2024-10-04T13:14:45","date_gmt":"2024-10-04T13:14:45","guid":{"rendered":"https:\/\/www.stasiowka.pl\/?p=2892"},"modified":"2024-10-04T13:31:05","modified_gmt":"2024-10-04T13:31:05","slug":"xxiv-dzien-papieski","status":"publish","type":"post","link":"https:\/\/www.stasiowka.pl\/?p=2892","title":{"rendered":"XXIV Dzie\u0144 Papieski"},"content":{"rendered":"<p style=\"text-align: justify;\">Ka\u017cdego roku, w niedziel\u0119 poprzedzaj\u0105c\u0105 wyb\u00f3r Karola Wojty\u0142y na Stolic\u0119 Piotrow\u0105, w ca\u0142ej Polsce oraz \u015brodowiskach polonijnych obchodzony jest Dzie\u0144 Papieski, podczas kt\u00f3rego \u0142\u0105czymy si\u0119 w modlitwie z obecnym papie\u017cem oraz zag\u0142\u0119biamy si\u0119 w nauczanie \u015bw. Jana Paw\u0142a II. Polacy gromadz\u0105 si\u0119 wtedy na liturgiach, nabo\u017ce\u0144stwach, czuwaniach modlitewnych, medytacjach oraz konferencjach po\u015bwi\u0119conych nauczaniu Ojca \u015awi\u0119tego. Dzie\u0144 Papieski w ka\u017cdym roku ma swoje has\u0142o, wskazuj\u0105ce na istotny obszar papieskiego nauczania. Has\u0142o to stanowi osnow\u0119 wszystkich wydarze\u0144 modlitewnych, liturgicznych i artystycznych.<\/p>\n<p><img fetchpriority=\"high\" decoding=\"async\" class=\"aligncenter wp-image-2893 size-large\" src=\"https:\/\/www.stasiowka.pl\/wp-content\/uploads\/2024\/10\/XXIVDP_post-1024x1024.jpg\" alt=\"\" width=\"847\" height=\"847\" srcset=\"https:\/\/www.stasiowka.pl\/wp-content\/uploads\/2024\/10\/XXIVDP_post-1024x1024.jpg 1024w, https:\/\/www.stasiowka.pl\/wp-content\/uploads\/2024\/10\/XXIVDP_post-300x300.jpg 300w, https:\/\/www.stasiowka.pl\/wp-content\/uploads\/2024\/10\/XXIVDP_post-150x150.jpg 150w, https:\/\/www.stasiowka.pl\/wp-content\/uploads\/2024\/10\/XXIVDP_post-768x768.jpg 768w, https:\/\/www.stasiowka.pl\/wp-content\/uploads\/2024\/10\/XXIVDP_post-847x847.jpg 847w, https:\/\/www.stasiowka.pl\/wp-content\/uploads\/2024\/10\/XXIVDP_post.jpg 1200w\" sizes=\"(max-width: 847px) 100vw, 847px\" \/><\/p>\n<p style=\"text-align: center;\"><div class=\"su-youtube su-u-responsive-media-yes\"><iframe width=\"600\" height=\"400\" src=\"https:\/\/www.youtube.com\/embed\/u3upgChJPkY?\" frameborder=\"0\" allowfullscreen allow=\"autoplay; encrypted-media; picture-in-picture\" title=\"\"><\/iframe><\/div>\n","protected":false},"excerpt":{"rendered":"<p>Ka\u017cdego roku, w niedziel\u0119 poprzedzaj\u0105c\u0105 wyb\u00f3r Karola Wojty\u0142y na Stolic\u0119 Piotrow\u0105, w ca\u0142ej Polsce oraz \u015brodowiskach polonijnych obchodzony jest Dzie\u0144 Papieski, podczas kt\u00f3rego \u0142\u0105czymy si\u0119 w modlitwie z obecnym papie\u017cem oraz zag\u0142\u0119biamy si\u0119 w nauczanie \u015bw. Jana Paw\u0142a II. Polacy gromadz\u0105 si\u0119 wtedy na liturgiach, nabo\u017ce\u0144stwach, czuwaniach modlitewnych, medytacjach oraz konferencjach po\u015bwi\u0119conych nauczaniu Ojca \u015awi\u0119tego. &hellip; <\/p>\n<p><a class=\"more-link btn\" href=\"https:\/\/www.stasiowka.pl\/?p=2892\">Czytaj dalej<\/a><\/p>\n","protected":false},"author":1,"featured_media":2894,"comment_status":"open","ping_status":"open","sticky":false,"template":"","format":"standard","meta":{"ngg_post_thumbnail":0,"footnotes":""},"categories":[1],"tags":[],"class_list":["post-2892","post","type-post","status-publish","format-standard","has-post-thumbnail","hentry","category-uncategorized","item-wrap"],"_links":{"self":[{"href":"https:\/\/www.stasiowka.pl\/index.php?rest_route=\/wp\/v2\/posts\/2892","targetHints":{"allow":["GET"]}}],"collection":[{"href":"https:\/\/www.stasiowka.pl\/index.php?rest_route=\/wp\/v2\/posts"}],"about":[{"href":"https:\/\/www.stasiowka.pl\/index.php?rest_route=\/wp\/v2\/types\/post"}],"author":[{"embeddable":true,"href":"https:\/\/www.stasiowka.pl\/index.php?rest_route=\/wp\/v2\/users\/1"}],"replies":[{"embeddable":true,"href":"https:\/\/www.stasiowka.pl\/index.php?rest_route=%2Fwp%2Fv2%2Fcomments&post=2892"}],"version-history":[{"count":2,"href":"https:\/\/www.stasiowka.pl\/index.php?rest_route=\/wp\/v2\/posts\/2892\/revisions"}],"predecessor-version":[{"id":2896,"href":"https:\/\/www.stasiowka.pl\/index.php?rest_route=\/wp\/v2\/posts\/2892\/revisions\/2896"}],"wp:featuredmedia":[{"embeddable":true,"href":"https:\/\/www.stasiowka.pl\/index.php?rest_route=\/wp\/v2\/media\/2894"}],"wp:attachment":[{"href":"https:\/\/www.stasiowka.pl\/index.php?rest_route=%2Fwp%2Fv2%2Fmedia&parent=2892"}],"wp:term":[{"taxonomy":"category","embeddable":true,"href":"https:\/\/www.stasiowka.pl\/index.php?rest_route=%2Fwp%2Fv2%2Fcategories&post=2892"},{"taxonomy":"post_tag","embeddable":true,"href":"https:\/\/www.stasiowka.pl\/index.php?rest_route=%2Fwp%2Fv2%2Ftags&post=2892"}],"curies":[{"name":"wp","href":"https:\/\/api.w.org\/{rel}","templated":true}]}}