{"id":2855,"date":"2024-09-17T10:17:11","date_gmt":"2024-09-17T10:17:11","guid":{"rendered":"https:\/\/www.stasiowka.pl\/?p=2855"},"modified":"2024-09-20T10:04:45","modified_gmt":"2024-09-20T10:04:45","slug":"zbiorka-do-puszek-na-powodzian","status":"publish","type":"post","link":"https:\/\/www.stasiowka.pl\/?p=2855","title":{"rendered":"Zbi\u00f3rka do puszek na powodzian"},"content":{"rendered":"<p style=\"text-align: justify;\">W zwi\u0105zku z dramatyczn\u0105 powodzi\u0105, kt\u00f3ra dotkn\u0119\u0142a po\u0142udniowo &#8211; zachodni\u0105 cz\u0119\u015b\u0107 Polski, Przewodnicz\u0105cy Konferencji Episkopatu Polski zaapelowa\u0142 o zorganizowanie w najbli\u017csz\u0105 niedziel\u0119 22 wrze\u015bnia 2024 roku, po ka\u017cdej Mszy \u015awi\u0119tej, w ka\u017cdej diecezji zbi\u00f3rki pieni\u0119\u017cnej na pomoc poszkodowanym. Zebrane \u015brodki finansowe zostan\u0105 przekazane poszkodowanym za po\u015brednictwem Caritas Polska. &#8222;\u0141\u0105cz\u0119 si\u0119 duchowo ze wszystkimi dotkni\u0119tymi skutkami powodzi w po\u0142udniowej cz\u0119\u015bci naszego kraju. Modl\u0119 si\u0119 tak\u017ce za nios\u0105cych pomoc i apeluj\u0119 do ludzi dobrej woli o konieczne wsparcie dla poszkodowanych i ofiar \u017cywio\u0142u&#8221; &#8211; podkre\u015bli\u0142 Przewodnicz\u0105cy Konferencji Episkopatu Polski.&nbsp;Odpowiadaj\u0105c na apel Przewodnicz\u0105cego Konferencji Episkopatu Polski &#8211; &nbsp;prosz\u0119, aby w najbli\u017csz\u0105 niedziel\u0119 (22 wrze\u015bnia) o przeprowadzenie zbi\u00f3rki do puszek.<\/p>\n<p style=\"text-align: justify;\"><strong>W naszej miejscowo\u015bci zosta\u0142a ju\u017c przeprowadzona zbi\u00f3rka dla powodzian, ale gdyby kto\u015b jeszcze chcia\u0142by si\u0119 w\u0142\u0105czy\u0107 to mo\u017cna to uczyni\u0107 poprzez akcj\u0119 PACZKA DLA POWODZIAN.&nbsp; Paczka mo\u017ce by\u0107 przygotowana przez indywidualn\u0105 osob\u0119 lub grup\u0119 os\u00f3b (na wz\u00f3r organizowanej dwa lata temu Paczki dla Ukrainy). Produkty prosz\u0119 pakowa\u0107 do karton\u00f3w po bananach (s\u0105 sprawdzone przy wi\u0119kszym transporcie). Paczki nale\u017cy zawie\u015b\u0107 do dolnego ko\u015bcio\u0142a w parafii Mi\u0142osierdzia Bo\u017cego w D\u0119bicy w pi\u0105tek 27 wrze\u015bnia w godz. 15.00-17.00.<\/strong><\/p>\n<p><img fetchpriority=\"high\" decoding=\"async\" class=\"aligncenter wp-image-2867 size-large\" src=\"https:\/\/www.stasiowka.pl\/wp-content\/uploads\/2024\/09\/powodz-2024-09-18-723x1024.jpg\" alt=\"\" width=\"723\" height=\"1024\" srcset=\"https:\/\/www.stasiowka.pl\/wp-content\/uploads\/2024\/09\/powodz-2024-09-18-723x1024.jpg 723w, https:\/\/www.stasiowka.pl\/wp-content\/uploads\/2024\/09\/powodz-2024-09-18-212x300.jpg 212w, https:\/\/www.stasiowka.pl\/wp-content\/uploads\/2024\/09\/powodz-2024-09-18-768x1087.jpg 768w, https:\/\/www.stasiowka.pl\/wp-content\/uploads\/2024\/09\/powodz-2024-09-18-847x1199.jpg 847w, https:\/\/www.stasiowka.pl\/wp-content\/uploads\/2024\/09\/powodz-2024-09-18.jpg 941w\" sizes=\"(max-width: 723px) 100vw, 723px\" \/><\/p>\n","protected":false},"excerpt":{"rendered":"<p>W zwi\u0105zku z dramatyczn\u0105 powodzi\u0105, kt\u00f3ra dotkn\u0119\u0142a po\u0142udniowo &#8211; zachodni\u0105 cz\u0119\u015b\u0107 Polski, Przewodnicz\u0105cy Konferencji Episkopatu Polski zaapelowa\u0142 o zorganizowanie w najbli\u017csz\u0105 niedziel\u0119 22 wrze\u015bnia 2024 roku, po ka\u017cdej Mszy \u015awi\u0119tej, w ka\u017cdej diecezji zbi\u00f3rki pieni\u0119\u017cnej na pomoc poszkodowanym. Zebrane \u015brodki finansowe zostan\u0105 przekazane poszkodowanym za po\u015brednictwem Caritas Polska. &#8222;\u0141\u0105cz\u0119 si\u0119 duchowo ze wszystkimi dotkni\u0119tymi skutkami &hellip; <\/p>\n<p><a class=\"more-link btn\" href=\"https:\/\/www.stasiowka.pl\/?p=2855\">Czytaj dalej<\/a><\/p>\n","protected":false},"author":1,"featured_media":2856,"comment_status":"open","ping_status":"open","sticky":false,"template":"","format":"standard","meta":{"ngg_post_thumbnail":0,"footnotes":""},"categories":[1],"tags":[],"class_list":["post-2855","post","type-post","status-publish","format-standard","has-post-thumbnail","hentry","category-uncategorized","item-wrap"],"_links":{"self":[{"href":"https:\/\/www.stasiowka.pl\/index.php?rest_route=\/wp\/v2\/posts\/2855","targetHints":{"allow":["GET"]}}],"collection":[{"href":"https:\/\/www.stasiowka.pl\/index.php?rest_route=\/wp\/v2\/posts"}],"about":[{"href":"https:\/\/www.stasiowka.pl\/index.php?rest_route=\/wp\/v2\/types\/post"}],"author":[{"embeddable":true,"href":"https:\/\/www.stasiowka.pl\/index.php?rest_route=\/wp\/v2\/users\/1"}],"replies":[{"embeddable":true,"href":"https:\/\/www.stasiowka.pl\/index.php?rest_route=%2Fwp%2Fv2%2Fcomments&post=2855"}],"version-history":[{"count":5,"href":"https:\/\/www.stasiowka.pl\/index.php?rest_route=\/wp\/v2\/posts\/2855\/revisions"}],"predecessor-version":[{"id":2868,"href":"https:\/\/www.stasiowka.pl\/index.php?rest_route=\/wp\/v2\/posts\/2855\/revisions\/2868"}],"wp:featuredmedia":[{"embeddable":true,"href":"https:\/\/www.stasiowka.pl\/index.php?rest_route=\/wp\/v2\/media\/2856"}],"wp:attachment":[{"href":"https:\/\/www.stasiowka.pl\/index.php?rest_route=%2Fwp%2Fv2%2Fmedia&parent=2855"}],"wp:term":[{"taxonomy":"category","embeddable":true,"href":"https:\/\/www.stasiowka.pl\/index.php?rest_route=%2Fwp%2Fv2%2Fcategories&post=2855"},{"taxonomy":"post_tag","embeddable":true,"href":"https:\/\/www.stasiowka.pl\/index.php?rest_route=%2Fwp%2Fv2%2Ftags&post=2855"}],"curies":[{"name":"wp","href":"https:\/\/api.w.org\/{rel}","templated":true}]}}