{"id":2760,"date":"2024-08-03T09:11:35","date_gmt":"2024-08-03T09:11:35","guid":{"rendered":"https:\/\/www.stasiowka.pl\/?p=2760"},"modified":"2024-08-03T09:11:35","modified_gmt":"2024-08-03T09:11:35","slug":"xxxiii-pielgrzymka-piesza-krucjaty-wyzwolenia-czlowieka","status":"publish","type":"post","link":"https:\/\/www.stasiowka.pl\/?p=2760","title":{"rendered":"XXXIII Pielgrzymka Piesza Krucjaty Wyzwolenia Cz\u0142owieka"},"content":{"rendered":"<p style=\"text-align: justify;\"><strong>XXXIII Pielgrzymka Piesza Krucjaty Wyzwolenia Cz\u0142owieka<\/strong> do Sanktuarium Maryjnego w Zawadzie w intencji trze\u017awo\u015bci wyruszy w czwartek<strong> 15 sierpnia o godz. 13.30 z ko\u015bcio\u0142a \u015aw. Jadwigi w D\u0119bicy.<\/strong> W programie pielgrzymki na trasie: Droga Krzy\u017cowa, konferencja, modlitwa, \u015bwiadectwa, \u015bpiew oraz mo\u017cliwo\u015b\u0107 podj\u0119cia przyrzecze\u0144 abstynenckich. Msza \u015bw. w Zawadzie o godz. 16.30. Serdecznie zapraszamy do udzia\u0142u. Na powr\u00f3t w Zawadzie b\u0119d\u0105 podstawione o godz. 18.00 dodatkowe autobusy MKS do D\u0119bicy.<\/p>\n<p><img fetchpriority=\"high\" decoding=\"async\" class=\"aligncenter wp-image-2761 size-large\" src=\"https:\/\/www.stasiowka.pl\/wp-content\/uploads\/2024\/08\/Afisz-Pielgrzymka-do-Zawady_30-szt-724x1024.jpg\" alt=\"\" width=\"724\" height=\"1024\" srcset=\"https:\/\/www.stasiowka.pl\/wp-content\/uploads\/2024\/08\/Afisz-Pielgrzymka-do-Zawady_30-szt-724x1024.jpg 724w, https:\/\/www.stasiowka.pl\/wp-content\/uploads\/2024\/08\/Afisz-Pielgrzymka-do-Zawady_30-szt-212x300.jpg 212w, https:\/\/www.stasiowka.pl\/wp-content\/uploads\/2024\/08\/Afisz-Pielgrzymka-do-Zawady_30-szt-768x1086.jpg 768w, https:\/\/www.stasiowka.pl\/wp-content\/uploads\/2024\/08\/Afisz-Pielgrzymka-do-Zawady_30-szt-1086x1536.jpg 1086w, https:\/\/www.stasiowka.pl\/wp-content\/uploads\/2024\/08\/Afisz-Pielgrzymka-do-Zawady_30-szt-1448x2048.jpg 1448w, https:\/\/www.stasiowka.pl\/wp-content\/uploads\/2024\/08\/Afisz-Pielgrzymka-do-Zawady_30-szt-847x1198.jpg 847w, https:\/\/www.stasiowka.pl\/wp-content\/uploads\/2024\/08\/Afisz-Pielgrzymka-do-Zawady_30-szt-scaled.jpg 1810w\" sizes=\"(max-width: 724px) 100vw, 724px\" \/><\/p>\n<p>&nbsp;<\/p>\n","protected":false},"excerpt":{"rendered":"<p>XXXIII Pielgrzymka Piesza Krucjaty Wyzwolenia Cz\u0142owieka do Sanktuarium Maryjnego w Zawadzie w intencji trze\u017awo\u015bci wyruszy w czwartek 15 sierpnia o godz. 13.30 z ko\u015bcio\u0142a \u015aw. Jadwigi w D\u0119bicy. W programie pielgrzymki na trasie: Droga Krzy\u017cowa, konferencja, modlitwa, \u015bwiadectwa, \u015bpiew oraz mo\u017cliwo\u015b\u0107 podj\u0119cia przyrzecze\u0144 abstynenckich. Msza \u015bw. w Zawadzie o godz. 16.30. Serdecznie zapraszamy do udzia\u0142u. &hellip; <\/p>\n<p><a class=\"more-link btn\" href=\"https:\/\/www.stasiowka.pl\/?p=2760\">Czytaj dalej<\/a><\/p>\n","protected":false},"author":1,"featured_media":2762,"comment_status":"open","ping_status":"open","sticky":false,"template":"","format":"standard","meta":{"ngg_post_thumbnail":0,"footnotes":""},"categories":[1],"tags":[],"class_list":["post-2760","post","type-post","status-publish","format-standard","has-post-thumbnail","hentry","category-uncategorized","item-wrap"],"_links":{"self":[{"href":"https:\/\/www.stasiowka.pl\/index.php?rest_route=\/wp\/v2\/posts\/2760","targetHints":{"allow":["GET"]}}],"collection":[{"href":"https:\/\/www.stasiowka.pl\/index.php?rest_route=\/wp\/v2\/posts"}],"about":[{"href":"https:\/\/www.stasiowka.pl\/index.php?rest_route=\/wp\/v2\/types\/post"}],"author":[{"embeddable":true,"href":"https:\/\/www.stasiowka.pl\/index.php?rest_route=\/wp\/v2\/users\/1"}],"replies":[{"embeddable":true,"href":"https:\/\/www.stasiowka.pl\/index.php?rest_route=%2Fwp%2Fv2%2Fcomments&post=2760"}],"version-history":[{"count":1,"href":"https:\/\/www.stasiowka.pl\/index.php?rest_route=\/wp\/v2\/posts\/2760\/revisions"}],"predecessor-version":[{"id":2763,"href":"https:\/\/www.stasiowka.pl\/index.php?rest_route=\/wp\/v2\/posts\/2760\/revisions\/2763"}],"wp:featuredmedia":[{"embeddable":true,"href":"https:\/\/www.stasiowka.pl\/index.php?rest_route=\/wp\/v2\/media\/2762"}],"wp:attachment":[{"href":"https:\/\/www.stasiowka.pl\/index.php?rest_route=%2Fwp%2Fv2%2Fmedia&parent=2760"}],"wp:term":[{"taxonomy":"category","embeddable":true,"href":"https:\/\/www.stasiowka.pl\/index.php?rest_route=%2Fwp%2Fv2%2Fcategories&post=2760"},{"taxonomy":"post_tag","embeddable":true,"href":"https:\/\/www.stasiowka.pl\/index.php?rest_route=%2Fwp%2Fv2%2Ftags&post=2760"}],"curies":[{"name":"wp","href":"https:\/\/api.w.org\/{rel}","templated":true}]}}