{"id":1400,"date":"2024-05-18T18:27:03","date_gmt":"2024-05-18T18:27:03","guid":{"rendered":"https:\/\/www.stasiowka.pl\/?p=1400"},"modified":"2024-05-18T18:27:03","modified_gmt":"2024-05-18T18:27:03","slug":"pielgrzymka-dsm-do-zakliczyna","status":"publish","type":"post","link":"https:\/\/www.stasiowka.pl\/?p=1400","title":{"rendered":"Pielgrzymka DSM do Zakliczyna"},"content":{"rendered":"<div class=\"txt__lead\" style=\"text-align: justify;\" data-wtg-lazy=\"0\"><strong>A\u017c 2500 dziewcz\u0105t z ca\u0142ej diecezji przyjecha\u0142o do Zakliczyna, by wsp\u00f3lnie modli\u0107 si\u0119, \u015bwi\u0119towa\u0107, budowa\u0107 wsp\u00f3lnot\u0119. R\u00f3wnie\u017c z naszej parafii&nbsp; wyruszy\u0142a ponad 20 osobowa grupa, kt\u00f3rej opiekunem by\u0142 p. mgr \u0141ukasz Kubek, a pomaga\u0142y p. El\u017cbieta Miazga i p. Magdalena Puk.<\/strong><\/div>\n<p class=\" txt__rich-area\" style=\"text-align: justify;\">Diecezjalna pielgrzymka Dziewcz\u0119cej S\u0142u\u017cby Maryjnej by\u0142a wydarzeniem na tyle du\u017cym dla Zakliczyna, \u017ce wymaga\u0142a w zasadzie wy\u0142\u0105czenia z ruchu cz\u0119\u015bci miasta w czasie, kiedy dziewcz\u0119ta przyje\u017cd\u017ca\u0142y na spotkanie. Dzia\u0142o si\u0119 to ju\u017c od godz. 9. P\u00f3\u017aniej rozpocz\u0119\u0142a dzia\u0142a\u0107 cz\u0119\u015b\u0107 recepcyjna, a tak\u017ce sto\u0142y, miejsca, gdzie mog\u0142y dziewczyny och\u0142odzi\u0107 si\u0119 wod\u0105, bo s\u0142o\u0144ce od samego rana uprzyjemnia\u0142o intensywnie pobyt w Zakliczynie. Spotkanie odby\u0142o si\u0119 w parafii pw. \u015bw. Idziego, niedaleko zakliczy\u0144skiego rynku. Grupy, kt\u00f3re wylewa\u0142y si\u0119 najcz\u0119\u015bciej z autokar\u00f3w i bus\u00f3w zagl\u0105da\u0142y najpierw do ko\u015bcio\u0142a parafialnego, a potem sz\u0142y na plac spotkania, kt\u00f3rym by\u0142y tereny rekreacyjne parafii po\u0142o\u017cone zaraz za plebani\u0105. Jest tam i solidne boisko do siatk\u00f3wki pla\u017cowej i du\u017ce boisko trawiaste do pi\u0142ki no\u017cnej, kt\u00f3re by\u0142o dla dziewcz\u0105t bardziej praktyczne, by roz\u0142o\u017cy\u0107 karimaty, \u017ceby si\u0119 wygodnie rozsi\u0105\u015b\u0107 i parasole, by os\u0142oni\u0107 si\u0119 od s\u0142o\u0144ca, co im bli\u017cej by\u0142o po\u0142udnia okaza\u0142o si\u0119 s\u0142usznym poci\u0105gni\u0119ciem.<\/p>\n<p style=\"text-align: center;\"><a href=\"https:\/\/www.stasiowka.pl\/index.php\/nggallery\/album\/pielgrzymka-dsm_2024?page_id=65\" class=\"su-button su-button-style-default\" style=\"color:#FFFFFF;background-color:#2d6bef;border-color:#2456c0;border-radius:15px\" target=\"_self\"><span style=\"color:#FFFFFF;padding:0px 36px;font-size:26px;line-height:52px;border-color:#6c98f4;border-radius:15px;text-shadow:none\"> Zobacz zdj\u0119cia<\/span><\/a>\n","protected":false},"excerpt":{"rendered":"<p>A\u017c 2500 dziewcz\u0105t z ca\u0142ej diecezji przyjecha\u0142o do Zakliczyna, by wsp\u00f3lnie modli\u0107 si\u0119, \u015bwi\u0119towa\u0107, budowa\u0107 wsp\u00f3lnot\u0119. R\u00f3wnie\u017c z naszej parafii&nbsp; wyruszy\u0142a ponad 20 osobowa grupa, kt\u00f3rej opiekunem by\u0142 p. mgr \u0141ukasz Kubek, a pomaga\u0142y p. El\u017cbieta Miazga i p. Magdalena Puk. Diecezjalna pielgrzymka Dziewcz\u0119cej S\u0142u\u017cby Maryjnej by\u0142a wydarzeniem na tyle du\u017cym dla Zakliczyna, \u017ce wymaga\u0142a &hellip; <\/p>\n<p><a class=\"more-link btn\" href=\"https:\/\/www.stasiowka.pl\/?p=1400\">Czytaj dalej<\/a><\/p>\n","protected":false},"author":1,"featured_media":1401,"comment_status":"open","ping_status":"open","sticky":false,"template":"","format":"standard","meta":{"ngg_post_thumbnail":0,"footnotes":""},"categories":[1],"tags":[],"class_list":["post-1400","post","type-post","status-publish","format-standard","has-post-thumbnail","hentry","category-uncategorized","item-wrap"],"_links":{"self":[{"href":"https:\/\/www.stasiowka.pl\/index.php?rest_route=\/wp\/v2\/posts\/1400","targetHints":{"allow":["GET"]}}],"collection":[{"href":"https:\/\/www.stasiowka.pl\/index.php?rest_route=\/wp\/v2\/posts"}],"about":[{"href":"https:\/\/www.stasiowka.pl\/index.php?rest_route=\/wp\/v2\/types\/post"}],"author":[{"embeddable":true,"href":"https:\/\/www.stasiowka.pl\/index.php?rest_route=\/wp\/v2\/users\/1"}],"replies":[{"embeddable":true,"href":"https:\/\/www.stasiowka.pl\/index.php?rest_route=%2Fwp%2Fv2%2Fcomments&post=1400"}],"version-history":[{"count":1,"href":"https:\/\/www.stasiowka.pl\/index.php?rest_route=\/wp\/v2\/posts\/1400\/revisions"}],"predecessor-version":[{"id":1402,"href":"https:\/\/www.stasiowka.pl\/index.php?rest_route=\/wp\/v2\/posts\/1400\/revisions\/1402"}],"wp:featuredmedia":[{"embeddable":true,"href":"https:\/\/www.stasiowka.pl\/index.php?rest_route=\/wp\/v2\/media\/1401"}],"wp:attachment":[{"href":"https:\/\/www.stasiowka.pl\/index.php?rest_route=%2Fwp%2Fv2%2Fmedia&parent=1400"}],"wp:term":[{"taxonomy":"category","embeddable":true,"href":"https:\/\/www.stasiowka.pl\/index.php?rest_route=%2Fwp%2Fv2%2Fcategories&post=1400"},{"taxonomy":"post_tag","embeddable":true,"href":"https:\/\/www.stasiowka.pl\/index.php?rest_route=%2Fwp%2Fv2%2Ftags&post=1400"}],"curies":[{"name":"wp","href":"https:\/\/api.w.org\/{rel}","templated":true}]}}